{"id":12848,"date":"2025-05-16T01:12:38","date_gmt":"2025-05-16T01:12:38","guid":{"rendered":"https:\/\/cecquilmes.org.ar\/w5\/?p=12848"},"modified":"2025-05-16T01:12:40","modified_gmt":"2025-05-16T01:12:40","slug":"lista-azul-oficializada","status":"publish","type":"post","link":"https:\/\/cecquilmes.org.ar\/w5\/lista-azul-oficializada\/","title":{"rendered":"LISTA AZUL OFICIALIZADA"},"content":{"rendered":"\n<p>El Centro de Empleados de Comercio de Quilmes informa que , con el cierre del plazo para la presentaci\u00f3n de listas, se oficializ\u00f3 la Lista Azul, encabezada por el actual Secretario General, Roberto \u201cMata\u201d Rodr\u00edguez, como la \u00fanica propuesta para las elecciones del 26 de junio.<\/p>\n\n\n\n<p>M\u00e1s de 5.000 trabajadores mercantiles respaldaron esta lista, reconociendo una gesti\u00f3n marcada por el compromiso, la transparencia y la defensa de los derechos laborales.<\/p>\n\n\n\n<p>\u201cTenemos el orgullo de ser lista \u00fanica, pero sobre todo, el orgullo de ser acompa\u00f1ados por miles de trabajadores. Eso nos impulsa a seguir so\u00f1ando en grande\u201d, expres\u00f3 Rodr\u00edguez.<\/p>\n\n\n\n<figure class=\"wp-block-gallery has-nested-images columns-default is-cropped wp-block-gallery-1 is-layout-flex wp-block-gallery-is-layout-flex\">\n<figure class=\"wp-block-image size-large\"><img fetchpriority=\"high\" decoding=\"async\" width=\"1024\" height=\"684\" data-id=\"12850\" src=\"https:\/\/cecquilmes.org.ar\/w5\/wp-content\/uploads\/2025\/05\/20250515-lista-azul-oficializada1-1024x684.jpeg\" alt=\"\" class=\"wp-image-12850\" srcset=\"https:\/\/cecquilmes.org.ar\/w5\/wp-content\/uploads\/2025\/05\/20250515-lista-azul-oficializada1-1024x684.jpeg 1024w, https:\/\/cecquilmes.org.ar\/w5\/wp-content\/uploads\/2025\/05\/20250515-lista-azul-oficializada1-300x200.jpeg 300w, https:\/\/cecquilmes.org.ar\/w5\/wp-content\/uploads\/2025\/05\/20250515-lista-azul-oficializada1-768x513.jpeg 768w, https:\/\/cecquilmes.org.ar\/w5\/wp-content\/uploads\/2025\/05\/20250515-lista-azul-oficializada1-1536x1026.jpeg 1536w, https:\/\/cecquilmes.org.ar\/w5\/wp-content\/uploads\/2025\/05\/20250515-lista-azul-oficializada1.jpeg 1600w\" sizes=\"(max-width: 1024px) 100vw, 1024px\" \/><\/figure>\n\n\n\n<figure class=\"wp-block-image size-large\"><img decoding=\"async\" width=\"1024\" height=\"717\" data-id=\"12849\" src=\"https:\/\/cecquilmes.org.ar\/w5\/wp-content\/uploads\/2025\/05\/20250515-lista-azul-oficializada2-1024x717.jpeg\" alt=\"\" class=\"wp-image-12849\" srcset=\"https:\/\/cecquilmes.org.ar\/w5\/wp-content\/uploads\/2025\/05\/20250515-lista-azul-oficializada2-1024x717.jpeg 1024w, https:\/\/cecquilmes.org.ar\/w5\/wp-content\/uploads\/2025\/05\/20250515-lista-azul-oficializada2-300x210.jpeg 300w, https:\/\/cecquilmes.org.ar\/w5\/wp-content\/uploads\/2025\/05\/20250515-lista-azul-oficializada2-768x538.jpeg 768w, https:\/\/cecquilmes.org.ar\/w5\/wp-content\/uploads\/2025\/05\/20250515-lista-azul-oficializada2.jpeg 1060w\" sizes=\"(max-width: 1024px) 100vw, 1024px\" \/><\/figure>\n\n\n\n<figure class=\"wp-block-image size-large\"><img decoding=\"async\" width=\"1024\" height=\"666\" data-id=\"12851\" src=\"https:\/\/cecquilmes.org.ar\/w5\/wp-content\/uploads\/2025\/05\/20250515-lista-azul-oficializada3-1024x666.jpeg\" alt=\"\" class=\"wp-image-12851\" srcset=\"https:\/\/cecquilmes.org.ar\/w5\/wp-content\/uploads\/2025\/05\/20250515-lista-azul-oficializada3-1024x666.jpeg 1024w, https:\/\/cecquilmes.org.ar\/w5\/wp-content\/uploads\/2025\/05\/20250515-lista-azul-oficializada3-300x195.jpeg 300w, https:\/\/cecquilmes.org.ar\/w5\/wp-content\/uploads\/2025\/05\/20250515-lista-azul-oficializada3-768x500.jpeg 768w, https:\/\/cecquilmes.org.ar\/w5\/wp-content\/uploads\/2025\/05\/20250515-lista-azul-oficializada3-1536x999.jpeg 1536w, https:\/\/cecquilmes.org.ar\/w5\/wp-content\/uploads\/2025\/05\/20250515-lista-azul-oficializada3.jpeg 1548w\" sizes=\"(max-width: 1024px) 100vw, 1024px\" \/><\/figure>\n<\/figure>\n","protected":false},"excerpt":{"rendered":"<p>El Centro de Empleados de Comercio de Quilmes informa que , con el cierre del plazo para la presentaci\u00f3n de listas, se oficializ\u00f3 la Lista Azul, encabezada por el actual Secretario General, Roberto \u201cMata\u201d Rodr\u00edguez, como la \u00fanica propuesta para las elecciones del 26 de junio. M\u00e1s de 5.000 trabajadores mercantiles respaldaron esta lista, reconociendo &#8230; <a title=\"LISTA AZUL OFICIALIZADA\" class=\"read-more\" href=\"https:\/\/cecquilmes.org.ar\/w5\/lista-azul-oficializada\/\" aria-label=\"Leer m\u00e1s sobre LISTA AZUL OFICIALIZADA\">Leer m\u00e1s<\/a><\/p>\n","protected":false},"author":2,"featured_media":12852,"comment_status":"closed","ping_status":"closed","sticky":false,"template":"","format":"standard","meta":{"_joinchat":[],"footnotes":""},"categories":[1],"tags":[],"class_list":["post-12848","post","type-post","status-publish","format-standard","has-post-thumbnail","hentry","category-novevedades"],"_links":{"self":[{"href":"https:\/\/cecquilmes.org.ar\/w5\/wp-json\/wp\/v2\/posts\/12848","targetHints":{"allow":["GET"]}}],"collection":[{"href":"https:\/\/cecquilmes.org.ar\/w5\/wp-json\/wp\/v2\/posts"}],"about":[{"href":"https:\/\/cecquilmes.org.ar\/w5\/wp-json\/wp\/v2\/types\/post"}],"author":[{"embeddable":true,"href":"https:\/\/cecquilmes.org.ar\/w5\/wp-json\/wp\/v2\/users\/2"}],"replies":[{"embeddable":true,"href":"https:\/\/cecquilmes.org.ar\/w5\/wp-json\/wp\/v2\/comments?post=12848"}],"version-history":[{"count":1,"href":"https:\/\/cecquilmes.org.ar\/w5\/wp-json\/wp\/v2\/posts\/12848\/revisions"}],"predecessor-version":[{"id":12853,"href":"https:\/\/cecquilmes.org.ar\/w5\/wp-json\/wp\/v2\/posts\/12848\/revisions\/12853"}],"wp:featuredmedia":[{"embeddable":true,"href":"https:\/\/cecquilmes.org.ar\/w5\/wp-json\/wp\/v2\/media\/12852"}],"wp:attachment":[{"href":"https:\/\/cecquilmes.org.ar\/w5\/wp-json\/wp\/v2\/media?parent=12848"}],"wp:term":[{"taxonomy":"category","embeddable":true,"href":"https:\/\/cecquilmes.org.ar\/w5\/wp-json\/wp\/v2\/categories?post=12848"},{"taxonomy":"post_tag","embeddable":true,"href":"https:\/\/cecquilmes.org.ar\/w5\/wp-json\/wp\/v2\/tags?post=12848"}],"curies":[{"name":"wp","href":"https:\/\/api.w.org\/{rel}","templated":true}]}}