{"id":12977,"date":"2026-04-27T22:30:00","date_gmt":"2026-04-27T22:30:00","guid":{"rendered":"https:\/\/cecquilmes.org.ar\/w5\/?p=12977"},"modified":"2026-04-28T01:11:18","modified_gmt":"2026-04-28T01:11:18","slug":"encuentro-de-delegados","status":"publish","type":"post","link":"https:\/\/cecquilmes.org.ar\/w5\/encuentro-de-delegados\/","title":{"rendered":"ENCUENTRO DE DELEGADOS"},"content":{"rendered":"\n<figure class=\"wp-block-gallery has-nested-images columns-default is-cropped wp-block-gallery-1 is-layout-flex wp-block-gallery-is-layout-flex\">\n<figure class=\"wp-block-image size-large\"><img fetchpriority=\"high\" decoding=\"async\" width=\"1024\" height=\"768\" data-id=\"12978\" src=\"https:\/\/cecquilmes.org.ar\/w5\/wp-content\/uploads\/2026\/04\/20260427-2-encuentro-delegados-1024x768.jpg\" alt=\"\" class=\"wp-image-12978\" srcset=\"https:\/\/cecquilmes.org.ar\/w5\/wp-content\/uploads\/2026\/04\/20260427-2-encuentro-delegados-1024x768.jpg 1024w, https:\/\/cecquilmes.org.ar\/w5\/wp-content\/uploads\/2026\/04\/20260427-2-encuentro-delegados-300x225.jpg 300w, https:\/\/cecquilmes.org.ar\/w5\/wp-content\/uploads\/2026\/04\/20260427-2-encuentro-delegados-768x576.jpg 768w, https:\/\/cecquilmes.org.ar\/w5\/wp-content\/uploads\/2026\/04\/20260427-2-encuentro-delegados-640x480.jpg 640w, https:\/\/cecquilmes.org.ar\/w5\/wp-content\/uploads\/2026\/04\/20260427-2-encuentro-delegados.jpg 1280w\" sizes=\"(max-width: 1024px) 100vw, 1024px\" \/><\/figure>\n\n\n\n<figure class=\"wp-block-image size-large\"><img decoding=\"async\" width=\"1024\" height=\"768\" data-id=\"12979\" src=\"https:\/\/cecquilmes.org.ar\/w5\/wp-content\/uploads\/2026\/04\/20260427-1-encuentro-delegados-1024x768.jpg\" alt=\"\" class=\"wp-image-12979\" srcset=\"https:\/\/cecquilmes.org.ar\/w5\/wp-content\/uploads\/2026\/04\/20260427-1-encuentro-delegados-1024x768.jpg 1024w, https:\/\/cecquilmes.org.ar\/w5\/wp-content\/uploads\/2026\/04\/20260427-1-encuentro-delegados-300x225.jpg 300w, https:\/\/cecquilmes.org.ar\/w5\/wp-content\/uploads\/2026\/04\/20260427-1-encuentro-delegados-768x576.jpg 768w, https:\/\/cecquilmes.org.ar\/w5\/wp-content\/uploads\/2026\/04\/20260427-1-encuentro-delegados-640x480.jpg 640w, https:\/\/cecquilmes.org.ar\/w5\/wp-content\/uploads\/2026\/04\/20260427-1-encuentro-delegados.jpg 1280w\" sizes=\"(max-width: 1024px) 100vw, 1024px\" \/><\/figure>\n<\/figure>\n\n\n\n<h2 class=\"wp-block-heading\">Unidad y defensa de los derechos laborales<\/h2>\n\n\n\n<p>En el d\u00eda de hoy llevamos adelante una importante charla junto a todo el cuerpo de delegados del Centro de Empleados de Comercio de Quilmes, Varela, Berazategui y S. F. Solano, en el marco del an\u00e1lisis y debate sobre la reforma laboral impulsada por el Gobierno Nacional.<\/p>\n\n\n\n<p> Durante el encuentro abordamos los principales puntos de esta iniciativa, sus implicancias para las y los trabajadores mercantiles y, fundamentalmente, la necesidad de fortalecer la organizaci\u00f3n colectiva en un contexto que exige unidad, compromiso y firme defensa de nuestros derechos.<\/p>\n\n\n\n<p>De cara al pr\u00f3ximo D\u00eda del Trabajador, se propuso impulsar una jornada de concientizaci\u00f3n,&nbsp; con objetivo de dialogar con nuestros compa\u00f1eros y compa\u00f1eras, informar sobre las nuevas pol\u00edticas y generar conciencia sobre el verdadero impacto que estas medidas pueden tener en el trabajo.<\/p>\n\n\n\n<p>Desde el CECQ, reafirmamos el rol fundamental de las organizaciones gremiales y de todo el cuerpo de delegados como actores clave en la representaci\u00f3n, defensa y protecci\u00f3n de cada trabajador y trabajadora.<\/p>\n\n\n\n<p>M\u00e1s unidos que nunca, en defensa de nuestros derechos.<\/p>\n\n\n\n<p>Roberto \u201cMata\u201d Rodr\u00edguez, Conducci\u00f3n<\/p>\n\n\n\n<p><\/p>\n","protected":false},"excerpt":{"rendered":"<p>Unidad y defensa de los derechos laborales En el d\u00eda de hoy llevamos adelante una importante charla junto a todo el cuerpo de delegados del Centro de Empleados de Comercio de Quilmes, Varela, Berazategui y S. F. Solano, en el marco del an\u00e1lisis y debate sobre la reforma laboral impulsada por el Gobierno Nacional. Durante &#8230; <a title=\"ENCUENTRO DE DELEGADOS\" class=\"read-more\" href=\"https:\/\/cecquilmes.org.ar\/w5\/encuentro-de-delegados\/\" aria-label=\"Leer m\u00e1s sobre ENCUENTRO DE DELEGADOS\">Leer m\u00e1s<\/a><\/p>\n","protected":false},"author":2,"featured_media":12899,"comment_status":"closed","ping_status":"closed","sticky":false,"template":"","format":"standard","meta":{"_joinchat":[],"footnotes":""},"categories":[1,8],"tags":[],"class_list":["post-12977","post","type-post","status-publish","format-standard","has-post-thumbnail","hentry","category-novevedades","category-gremiales"],"_links":{"self":[{"href":"https:\/\/cecquilmes.org.ar\/w5\/wp-json\/wp\/v2\/posts\/12977","targetHints":{"allow":["GET"]}}],"collection":[{"href":"https:\/\/cecquilmes.org.ar\/w5\/wp-json\/wp\/v2\/posts"}],"about":[{"href":"https:\/\/cecquilmes.org.ar\/w5\/wp-json\/wp\/v2\/types\/post"}],"author":[{"embeddable":true,"href":"https:\/\/cecquilmes.org.ar\/w5\/wp-json\/wp\/v2\/users\/2"}],"replies":[{"embeddable":true,"href":"https:\/\/cecquilmes.org.ar\/w5\/wp-json\/wp\/v2\/comments?post=12977"}],"version-history":[{"count":2,"href":"https:\/\/cecquilmes.org.ar\/w5\/wp-json\/wp\/v2\/posts\/12977\/revisions"}],"predecessor-version":[{"id":12981,"href":"https:\/\/cecquilmes.org.ar\/w5\/wp-json\/wp\/v2\/posts\/12977\/revisions\/12981"}],"wp:featuredmedia":[{"embeddable":true,"href":"https:\/\/cecquilmes.org.ar\/w5\/wp-json\/wp\/v2\/media\/12899"}],"wp:attachment":[{"href":"https:\/\/cecquilmes.org.ar\/w5\/wp-json\/wp\/v2\/media?parent=12977"}],"wp:term":[{"taxonomy":"category","embeddable":true,"href":"https:\/\/cecquilmes.org.ar\/w5\/wp-json\/wp\/v2\/categories?post=12977"},{"taxonomy":"post_tag","embeddable":true,"href":"https:\/\/cecquilmes.org.ar\/w5\/wp-json\/wp\/v2\/tags?post=12977"}],"curies":[{"name":"wp","href":"https:\/\/api.w.org\/{rel}","templated":true}]}}