{"id":9054,"date":"2023-03-08T19:59:01","date_gmt":"2023-03-08T22:59:01","guid":{"rendered":"https:\/\/cecquilmes.org.ar\/w2.0\/w4.0\/?p=9054"},"modified":"2025-05-04T22:44:58","modified_gmt":"2025-05-04T22:44:58","slug":"dia-internacional-de-la-mujer-trabajadora","status":"publish","type":"post","link":"https:\/\/cecquilmes.org.ar\/w5\/dia-internacional-de-la-mujer-trabajadora\/","title":{"rendered":"D\u00cdA INTERNACIONAL DE LA MUJER TRABAJADORA"},"content":{"rendered":"<div class=\"wp-block-image\">\n<figure class=\"aligncenter size-large is-resized\"><img fetchpriority=\"high\" decoding=\"async\" width=\"819\" height=\"1024\" src=\"https:\/\/cecquilmes.org.ar\/w5\/wp-content\/uploads\/2023\/03\/20230308-dia-de-la-mujer-1-819x1024.jpeg\" alt=\"\" class=\"wp-image-12813\" style=\"width:409px;height:auto\" srcset=\"https:\/\/cecquilmes.org.ar\/w5\/wp-content\/uploads\/2023\/03\/20230308-dia-de-la-mujer-1-819x1024.jpeg 819w, https:\/\/cecquilmes.org.ar\/w5\/wp-content\/uploads\/2023\/03\/20230308-dia-de-la-mujer-1-240x300.jpeg 240w, https:\/\/cecquilmes.org.ar\/w5\/wp-content\/uploads\/2023\/03\/20230308-dia-de-la-mujer-1-768x960.jpeg 768w, https:\/\/cecquilmes.org.ar\/w5\/wp-content\/uploads\/2023\/03\/20230308-dia-de-la-mujer-1.jpeg 1080w\" sizes=\"(max-width: 819px) 100vw, 819px\" \/><\/figure>\n<\/div>\n\n\n<p>En reconocimiento a quienes sostienen la lucha por la igualdad y la justicia y en memoria de quienes dieron su vida por la causa, La Secretaria de la Mujer del Centro de Empleados de Comercio de Quilmes y su Secretario Gral. Roberto \u00abMata\u00bb Rodr\u00edguez saludan a las mujeres en su d\u00eda y las arengan y acompa\u00f1an en la reivindicaci\u00f3n de la igualdad de g\u00e9nero, el respeto a la diversidad y el rol fundamental de la mujer en la sociedad.<\/p>\n","protected":false},"excerpt":{"rendered":"<p>En reconocimiento a quienes sostienen la lucha por la igualdad y la justicia y en memoria de quienes dieron su vida por la causa, La Secretaria de la Mujer del Centro de Empleados de Comercio de Quilmes y su Secretario Gral. Roberto \u00abMata\u00bb Rodr\u00edguez saludan a las mujeres en su d\u00eda y las arengan y &#8230; <a title=\"D\u00cdA INTERNACIONAL DE LA MUJER TRABAJADORA\" class=\"read-more\" href=\"https:\/\/cecquilmes.org.ar\/w5\/dia-internacional-de-la-mujer-trabajadora\/\" aria-label=\"Leer m\u00e1s sobre D\u00cdA INTERNACIONAL DE LA MUJER TRABAJADORA\">Leer m\u00e1s<\/a><\/p>\n","protected":false},"author":1,"featured_media":12814,"comment_status":"closed","ping_status":"closed","sticky":false,"template":"","format":"standard","meta":{"_joinchat":[],"footnotes":""},"categories":[1,7],"tags":[],"class_list":["post-9054","post","type-post","status-publish","format-standard","has-post-thumbnail","hentry","category-novevedades","category-secretaria-de-la-mujer"],"_links":{"self":[{"href":"https:\/\/cecquilmes.org.ar\/w5\/wp-json\/wp\/v2\/posts\/9054","targetHints":{"allow":["GET"]}}],"collection":[{"href":"https:\/\/cecquilmes.org.ar\/w5\/wp-json\/wp\/v2\/posts"}],"about":[{"href":"https:\/\/cecquilmes.org.ar\/w5\/wp-json\/wp\/v2\/types\/post"}],"author":[{"embeddable":true,"href":"https:\/\/cecquilmes.org.ar\/w5\/wp-json\/wp\/v2\/users\/1"}],"replies":[{"embeddable":true,"href":"https:\/\/cecquilmes.org.ar\/w5\/wp-json\/wp\/v2\/comments?post=9054"}],"version-history":[{"count":2,"href":"https:\/\/cecquilmes.org.ar\/w5\/wp-json\/wp\/v2\/posts\/9054\/revisions"}],"predecessor-version":[{"id":12816,"href":"https:\/\/cecquilmes.org.ar\/w5\/wp-json\/wp\/v2\/posts\/9054\/revisions\/12816"}],"wp:featuredmedia":[{"embeddable":true,"href":"https:\/\/cecquilmes.org.ar\/w5\/wp-json\/wp\/v2\/media\/12814"}],"wp:attachment":[{"href":"https:\/\/cecquilmes.org.ar\/w5\/wp-json\/wp\/v2\/media?parent=9054"}],"wp:term":[{"taxonomy":"category","embeddable":true,"href":"https:\/\/cecquilmes.org.ar\/w5\/wp-json\/wp\/v2\/categories?post=9054"},{"taxonomy":"post_tag","embeddable":true,"href":"https:\/\/cecquilmes.org.ar\/w5\/wp-json\/wp\/v2\/tags?post=9054"}],"curies":[{"name":"wp","href":"https:\/\/api.w.org\/{rel}","templated":true}]}}