{"id":9095,"date":"2023-03-25T16:01:10","date_gmt":"2023-03-25T19:01:10","guid":{"rendered":"https:\/\/cecquilmes.org.ar\/w2.0\/w4.0\/?p=9095"},"modified":"2025-05-04T22:27:15","modified_gmt":"2025-05-04T22:27:15","slug":"mini-turismo-mar-del-plata","status":"publish","type":"post","link":"https:\/\/cecquilmes.org.ar\/w5\/mini-turismo-mar-del-plata\/","title":{"rendered":"MINI TURISMO &#8211; MAR DEL PLATA"},"content":{"rendered":"<div class=\"wp-block-image\">\n<figure class=\"aligncenter size-large is-resized\"><img fetchpriority=\"high\" decoding=\"async\" width=\"819\" height=\"1024\" src=\"https:\/\/cecquilmes.org.ar\/w5\/wp-content\/uploads\/2023\/03\/20230325-miniturismo-mar-del-plata-1-819x1024.jpeg\" alt=\"\" class=\"wp-image-12793\" style=\"width:423px;height:auto\" srcset=\"https:\/\/cecquilmes.org.ar\/w5\/wp-content\/uploads\/2023\/03\/20230325-miniturismo-mar-del-plata-1-819x1024.jpeg 819w, https:\/\/cecquilmes.org.ar\/w5\/wp-content\/uploads\/2023\/03\/20230325-miniturismo-mar-del-plata-1-240x300.jpeg 240w, https:\/\/cecquilmes.org.ar\/w5\/wp-content\/uploads\/2023\/03\/20230325-miniturismo-mar-del-plata-1-768x960.jpeg 768w, https:\/\/cecquilmes.org.ar\/w5\/wp-content\/uploads\/2023\/03\/20230325-miniturismo-mar-del-plata-1.jpeg 1080w\" sizes=\"(max-width: 819px) 100vw, 819px\" \/><\/figure>\n<\/div>\n\n\n<p>Nuevo viaje de mini turismo a Mar del Plata<br>Alojamiento, traslado ida y vuelta, con media pensi\u00f3n.<br><strong>Salida:<\/strong> desde nuestra Delegaci\u00f3n de Quilmes (San Mart\u00edn 515) el jueves 06 de abril 08:00hs. <strong>Regreso:<\/strong> saliendo del Hotel el domingo 09 de abril 15:00hs<\/p>\n\n\n\n<p><strong>Informaci\u00f3n y reservas comunicate v\u00eda WhatsApp al 112851-5541 o en San Martin 515 Quilmes o delegaciones <\/strong><\/p>\n","protected":false},"excerpt":{"rendered":"<p>Nuevo viaje de mini turismo a Mar del PlataAlojamiento, traslado ida y vuelta, con media pensi\u00f3n.Salida: desde nuestra Delegaci\u00f3n de Quilmes (San Mart\u00edn 515) el jueves 06 de abril 08:00hs. Regreso: saliendo del Hotel el domingo 09 de abril 15:00hs Informaci\u00f3n y reservas comunicate v\u00eda WhatsApp al 112851-5541 o en San Martin 515 Quilmes o &#8230; <a title=\"MINI TURISMO &#8211; MAR DEL PLATA\" class=\"read-more\" href=\"https:\/\/cecquilmes.org.ar\/w5\/mini-turismo-mar-del-plata\/\" aria-label=\"Leer m\u00e1s sobre MINI TURISMO &#8211; MAR DEL PLATA\">Leer m\u00e1s<\/a><\/p>\n","protected":false},"author":1,"featured_media":12795,"comment_status":"closed","ping_status":"closed","sticky":false,"template":"","format":"standard","meta":{"_joinchat":[],"footnotes":""},"categories":[2,6,18,1],"tags":[],"class_list":["post-9095","post","type-post","status-publish","format-standard","has-post-thumbnail","hentry","category-beneficios","category-recreacion-camping-y-deporte","category-mini-turismo","category-novevedades"],"_links":{"self":[{"href":"https:\/\/cecquilmes.org.ar\/w5\/wp-json\/wp\/v2\/posts\/9095","targetHints":{"allow":["GET"]}}],"collection":[{"href":"https:\/\/cecquilmes.org.ar\/w5\/wp-json\/wp\/v2\/posts"}],"about":[{"href":"https:\/\/cecquilmes.org.ar\/w5\/wp-json\/wp\/v2\/types\/post"}],"author":[{"embeddable":true,"href":"https:\/\/cecquilmes.org.ar\/w5\/wp-json\/wp\/v2\/users\/1"}],"replies":[{"embeddable":true,"href":"https:\/\/cecquilmes.org.ar\/w5\/wp-json\/wp\/v2\/comments?post=9095"}],"version-history":[{"count":1,"href":"https:\/\/cecquilmes.org.ar\/w5\/wp-json\/wp\/v2\/posts\/9095\/revisions"}],"predecessor-version":[{"id":12796,"href":"https:\/\/cecquilmes.org.ar\/w5\/wp-json\/wp\/v2\/posts\/9095\/revisions\/12796"}],"wp:featuredmedia":[{"embeddable":true,"href":"https:\/\/cecquilmes.org.ar\/w5\/wp-json\/wp\/v2\/media\/12795"}],"wp:attachment":[{"href":"https:\/\/cecquilmes.org.ar\/w5\/wp-json\/wp\/v2\/media?parent=9095"}],"wp:term":[{"taxonomy":"category","embeddable":true,"href":"https:\/\/cecquilmes.org.ar\/w5\/wp-json\/wp\/v2\/categories?post=9095"},{"taxonomy":"post_tag","embeddable":true,"href":"https:\/\/cecquilmes.org.ar\/w5\/wp-json\/wp\/v2\/tags?post=9095"}],"curies":[{"name":"wp","href":"https:\/\/api.w.org\/{rel}","templated":true}]}}