{"id":9450,"date":"2023-09-12T21:15:38","date_gmt":"2023-09-13T00:15:38","guid":{"rendered":"https:\/\/cecquilmes.org.ar\/w2.0\/w4.0\/?p=9450"},"modified":"2025-05-04T17:57:09","modified_gmt":"2025-05-04T17:57:09","slug":"feriado-septiembre","status":"publish","type":"post","link":"https:\/\/cecquilmes.org.ar\/w5\/feriado-septiembre\/","title":{"rendered":"FERIADO SEPTIEMBRE"},"content":{"rendered":"\n<p>El 26 de septiembre de cada a\u00f1o se celebra el <em><strong>d\u00eda del empleado de comercio<\/strong><\/em>, establecido originalmente en el cct 130\/75, y luego ratificado en 2009 por Ley 26.541. En dicho d\u00eda, los trabajadores no pesentan labores, asimilandose el mismo a los feriados nacionales a todos los efectos legales, rigiendo las normas establecidas por la ley de contrato de trabajo para el descanso dominical.<\/p>\n\n\n\n<p>Este a\u00f1o, dado que el 26 de septiembre cae martes, el mismo se trasladar\u00e1 al lunes 25 de septiembre seg\u00fan acord\u00f3 la FAECYS con las c\u00e1maras empresariales,<\/p>\n\n\n\n<p>Si ten\u00e9s dudas o consultas puedes acercarte a la Secrear\u00eda Gremial <\/p>\n\n\n<div class=\"wp-block-image\">\n<figure class=\"aligncenter size-large is-resized\"><img fetchpriority=\"high\" decoding=\"async\" width=\"724\" height=\"1024\" src=\"https:\/\/cecquilmes.org.ar\/w5\/wp-content\/uploads\/2023\/09\/20230912-feriado-2509-1-724x1024.jpeg\" alt=\"\" class=\"wp-image-12712\" style=\"width:362px;height:auto\" srcset=\"https:\/\/cecquilmes.org.ar\/w5\/wp-content\/uploads\/2023\/09\/20230912-feriado-2509-1-724x1024.jpeg 724w, https:\/\/cecquilmes.org.ar\/w5\/wp-content\/uploads\/2023\/09\/20230912-feriado-2509-1-212x300.jpeg 212w, https:\/\/cecquilmes.org.ar\/w5\/wp-content\/uploads\/2023\/09\/20230912-feriado-2509-1-768x1086.jpeg 768w, https:\/\/cecquilmes.org.ar\/w5\/wp-content\/uploads\/2023\/09\/20230912-feriado-2509-1-1086x1536.jpeg 1086w, https:\/\/cecquilmes.org.ar\/w5\/wp-content\/uploads\/2023\/09\/20230912-feriado-2509-1.jpeg 1131w\" sizes=\"(max-width: 724px) 100vw, 724px\" \/><\/figure>\n<\/div>","protected":false},"excerpt":{"rendered":"<p>El 26 de septiembre de cada a\u00f1o se celebra el d\u00eda del empleado de comercio, establecido originalmente en el cct 130\/75, y luego ratificado en 2009 por Ley 26.541. En dicho d\u00eda, los trabajadores no pesentan labores, asimilandose el mismo a los feriados nacionales a todos los efectos legales, rigiendo las normas establecidas por la &#8230; <a title=\"FERIADO SEPTIEMBRE\" class=\"read-more\" href=\"https:\/\/cecquilmes.org.ar\/w5\/feriado-septiembre\/\" aria-label=\"Leer m\u00e1s sobre FERIADO SEPTIEMBRE\">Leer m\u00e1s<\/a><\/p>\n","protected":false},"author":1,"featured_media":12651,"comment_status":"closed","ping_status":"closed","sticky":false,"template":"","format":"standard","meta":{"_joinchat":[],"footnotes":""},"categories":[2,1,8],"tags":[],"class_list":["post-9450","post","type-post","status-publish","format-standard","has-post-thumbnail","hentry","category-beneficios","category-novevedades","category-gremiales"],"_links":{"self":[{"href":"https:\/\/cecquilmes.org.ar\/w5\/wp-json\/wp\/v2\/posts\/9450","targetHints":{"allow":["GET"]}}],"collection":[{"href":"https:\/\/cecquilmes.org.ar\/w5\/wp-json\/wp\/v2\/posts"}],"about":[{"href":"https:\/\/cecquilmes.org.ar\/w5\/wp-json\/wp\/v2\/types\/post"}],"author":[{"embeddable":true,"href":"https:\/\/cecquilmes.org.ar\/w5\/wp-json\/wp\/v2\/users\/1"}],"replies":[{"embeddable":true,"href":"https:\/\/cecquilmes.org.ar\/w5\/wp-json\/wp\/v2\/comments?post=9450"}],"version-history":[{"count":1,"href":"https:\/\/cecquilmes.org.ar\/w5\/wp-json\/wp\/v2\/posts\/9450\/revisions"}],"predecessor-version":[{"id":12713,"href":"https:\/\/cecquilmes.org.ar\/w5\/wp-json\/wp\/v2\/posts\/9450\/revisions\/12713"}],"wp:featuredmedia":[{"embeddable":true,"href":"https:\/\/cecquilmes.org.ar\/w5\/wp-json\/wp\/v2\/media\/12651"}],"wp:attachment":[{"href":"https:\/\/cecquilmes.org.ar\/w5\/wp-json\/wp\/v2\/media?parent=9450"}],"wp:term":[{"taxonomy":"category","embeddable":true,"href":"https:\/\/cecquilmes.org.ar\/w5\/wp-json\/wp\/v2\/categories?post=9450"},{"taxonomy":"post_tag","embeddable":true,"href":"https:\/\/cecquilmes.org.ar\/w5\/wp-json\/wp\/v2\/tags?post=9450"}],"curies":[{"name":"wp","href":"https:\/\/api.w.org\/{rel}","templated":true}]}}