{"id":9814,"date":"2024-06-12T23:47:12","date_gmt":"2024-06-13T02:47:12","guid":{"rendered":"https:\/\/cecquilmes.org.ar\/w2.0\/w4.0\/?p=9814"},"modified":"2025-05-04T07:41:52","modified_gmt":"2025-05-04T07:41:52","slug":"feriados-junio-2024","status":"publish","type":"post","link":"https:\/\/cecquilmes.org.ar\/w5\/feriados-junio-2024\/","title":{"rendered":"FERIADOS JUNIO 2024"},"content":{"rendered":"<div class=\"wp-block-image\">\n<figure class=\"aligncenter size-large is-resized\"><img fetchpriority=\"high\" decoding=\"async\" width=\"1024\" height=\"1024\" src=\"https:\/\/cecquilmes.org.ar\/w5\/wp-content\/uploads\/2025\/05\/20240612-ferido-junio-1024x1024.jpeg\" alt=\"\" class=\"wp-image-12649\" style=\"width:576px;height:auto\" srcset=\"https:\/\/cecquilmes.org.ar\/w5\/wp-content\/uploads\/2025\/05\/20240612-ferido-junio-1024x1024.jpeg 1024w, https:\/\/cecquilmes.org.ar\/w5\/wp-content\/uploads\/2025\/05\/20240612-ferido-junio-300x300.jpeg 300w, https:\/\/cecquilmes.org.ar\/w5\/wp-content\/uploads\/2025\/05\/20240612-ferido-junio-150x150.jpeg 150w, https:\/\/cecquilmes.org.ar\/w5\/wp-content\/uploads\/2025\/05\/20240612-ferido-junio-768x768.jpeg 768w, https:\/\/cecquilmes.org.ar\/w5\/wp-content\/uploads\/2025\/05\/20240612-ferido-junio.jpeg 1080w\" sizes=\"(max-width: 1024px) 100vw, 1024px\" \/><\/figure>\n<\/div>\n\n\n<p class=\"has-text-align-center\">Desde la Secretar\u00eda de Asuntos Laborales informamos que, en virtud de la Ley de Establecimiento de Feriados y Fines de semanas largos N\u00ba 27.399, los d\u00edas Lunes 17, Jueves 20 y Viernes 21 de junio, reviste el car\u00e1cter de FERIADO NACIONAL.<\/p>\n\n\n\n<p class=\"has-text-align-center\">Por consultas pod\u00e9s acercarte a la Secretar\u00eda Gremial o comunicarte con nosotros<\/p>\n","protected":false},"excerpt":{"rendered":"<p>Desde la Secretar\u00eda de Asuntos Laborales informamos que, en virtud de la Ley de Establecimiento de Feriados y Fines de semanas largos N\u00ba 27.399, los d\u00edas Lunes 17, Jueves 20 y Viernes 21 de junio, reviste el car\u00e1cter de FERIADO NACIONAL. Por consultas pod\u00e9s acercarte a la Secretar\u00eda Gremial o comunicarte con nosotros<\/p>\n","protected":false},"author":1,"featured_media":12651,"comment_status":"closed","ping_status":"closed","sticky":false,"template":"","format":"standard","meta":{"_joinchat":[],"footnotes":""},"categories":[1,8],"tags":[],"class_list":["post-9814","post","type-post","status-publish","format-standard","has-post-thumbnail","hentry","category-novevedades","category-gremiales"],"_links":{"self":[{"href":"https:\/\/cecquilmes.org.ar\/w5\/wp-json\/wp\/v2\/posts\/9814","targetHints":{"allow":["GET"]}}],"collection":[{"href":"https:\/\/cecquilmes.org.ar\/w5\/wp-json\/wp\/v2\/posts"}],"about":[{"href":"https:\/\/cecquilmes.org.ar\/w5\/wp-json\/wp\/v2\/types\/post"}],"author":[{"embeddable":true,"href":"https:\/\/cecquilmes.org.ar\/w5\/wp-json\/wp\/v2\/users\/1"}],"replies":[{"embeddable":true,"href":"https:\/\/cecquilmes.org.ar\/w5\/wp-json\/wp\/v2\/comments?post=9814"}],"version-history":[{"count":1,"href":"https:\/\/cecquilmes.org.ar\/w5\/wp-json\/wp\/v2\/posts\/9814\/revisions"}],"predecessor-version":[{"id":12652,"href":"https:\/\/cecquilmes.org.ar\/w5\/wp-json\/wp\/v2\/posts\/9814\/revisions\/12652"}],"wp:featuredmedia":[{"embeddable":true,"href":"https:\/\/cecquilmes.org.ar\/w5\/wp-json\/wp\/v2\/media\/12651"}],"wp:attachment":[{"href":"https:\/\/cecquilmes.org.ar\/w5\/wp-json\/wp\/v2\/media?parent=9814"}],"wp:term":[{"taxonomy":"category","embeddable":true,"href":"https:\/\/cecquilmes.org.ar\/w5\/wp-json\/wp\/v2\/categories?post=9814"},{"taxonomy":"post_tag","embeddable":true,"href":"https:\/\/cecquilmes.org.ar\/w5\/wp-json\/wp\/v2\/tags?post=9814"}],"curies":[{"name":"wp","href":"https:\/\/api.w.org\/{rel}","templated":true}]}}